{"id":478,"date":"2023-08-08T14:06:12","date_gmt":"2023-08-08T12:06:12","guid":{"rendered":"https:\/\/www.aimeetrode.fr\/?p=478"},"modified":"2025-03-18T23:47:52","modified_gmt":"2025-03-18T22:47:52","slug":"ateliers-de-danse","status":"publish","type":"post","link":"https:\/\/www.aimeetrode.fr\/index.php\/2023\/08\/08\/ateliers-de-danse\/","title":{"rendered":"Aime &#038; R\u00f4de Crosne &#8211; Ateliers de danse"},"content":{"rendered":"\t\t<div data-elementor-type=\"wp-post\" data-elementor-id=\"478\" class=\"elementor elementor-478\">\n\t\t\t\t\t\t<section class=\"elementor-section elementor-top-section elementor-element elementor-element-3b51dd88 elementor-section-boxed elementor-section-height-default elementor-section-height-default\" data-id=\"3b51dd88\" data-element_type=\"section\">\n\t\t\t\t\t\t<div class=\"elementor-container elementor-column-gap-default\">\n\t\t\t\t\t<div class=\"elementor-column elementor-col-100 elementor-top-column elementor-element elementor-element-3db4df23\" data-id=\"3db4df23\" data-element_type=\"column\">\n\t\t\t<div class=\"elementor-widget-wrap elementor-element-populated\">\n\t\t\t\t\t\t<div class=\"elementor-element elementor-element-2bcf6c1f elementor-widget elementor-widget-text-editor\" data-id=\"2bcf6c1f\" data-element_type=\"widget\" data-widget_type=\"text-editor.default\">\n\t\t\t\t<div class=\"elementor-widget-container\">\n\t\t\t\t\t\t\t\t\t<p style=\"text-align: center;\">\u00a0<\/p>\n<p style=\"text-align: center;\"><span style=\"color: #ffffff;\"><\/span><\/p>\n<h3 style=\"text-align: center;\"><span style=\"color: #ffffff;\">A partir de la rentr\u00e9e 2024, Aime et R\u00f4de Crosne propose des ateliers de danse pour adultes et enfants \u00e0 partir de 9 ans.<\/span><\/h3>\n<p style=\"text-align: left;\"><span style=\"color: #ffffff;\"><\/span><\/p>\n<p style=\"text-align: left;\"><span style=\"color: #ffffff;\">Alternant exercices d&rsquo;\u00e9chauffement et apprentissage de chor\u00e9graphies, ces s\u00e9ances seront largement inspir\u00e9es de la danse contemporaine.<\/span><br \/><span style=\"color: #ffffff;\">Il ne sera pas demand\u00e9 aux participants une ex\u00e9cution rigoureuse d\u2019un geste, mais une certaine qualit\u00e9 de mouvement.<\/span><\/p>\n<p style=\"text-align: left;\"><span style=\"color: #ffffff;\"><\/span><\/p>\n<p style=\"text-align: left;\"><span style=\"color: #ffffff;\">Le but de ces ateliers est de donner \u00e0 chaque \u00e9l\u00e8ve confiance, aisance et plaisir \u00e0 danser.<\/span><\/p>\n<p>\u00a0<\/p>\n<p><span style=\"color: #ffffff;\"><\/span><\/p>\n<p><span style=\"color: #ffffff;\"><\/span><\/p>\t\t\t\t\t\t\t\t<\/div>\n\t\t\t\t<\/div>\n\t\t\t\t<div class=\"elementor-element elementor-element-28c7d71 elementor-widget elementor-widget-heading\" data-id=\"28c7d71\" data-element_type=\"widget\" data-widget_type=\"heading.default\">\n\t\t\t\t<div class=\"elementor-widget-container\">\n\t\t\t\t\t<h2 class=\"elementor-heading-title elementor-size-default\">O\u00f9<\/h2>\t\t\t\t<\/div>\n\t\t\t\t<\/div>\n\t\t\t\t<div class=\"elementor-element elementor-element-d9088d8 elementor-widget elementor-widget-text-editor\" data-id=\"d9088d8\" data-element_type=\"widget\" data-widget_type=\"text-editor.default\">\n\t\t\t\t<div class=\"elementor-widget-container\">\n\t\t\t\t\t\t\t\t\t<p><span style=\"color: #ffffff;\"><strong>A la salle Arabesque de l&rsquo;espace 1901<\/strong><\/span><\/p>\n<p><span style=\"color: #ffffff;\"><strong>32, rue Colbert \u00e0 Crosne <\/strong><\/span><\/p>\n\n<p><\/p>\t\t\t\t\t\t\t\t<\/div>\n\t\t\t\t<\/div>\n\t\t\t\t<div class=\"elementor-element elementor-element-9a7a927 elementor-widget elementor-widget-google_maps\" data-id=\"9a7a927\" data-element_type=\"widget\" data-widget_type=\"google_maps.default\">\n\t\t\t\t<div class=\"elementor-widget-container\">\n\t\t\t\t\t\t\t<div class=\"elementor-custom-embed\">\n\t\t\t<iframe loading=\"lazy\"\n\t\t\t\t\tsrc=\"https:\/\/maps.google.com\/maps?q=Salle%20arabesque%2032%2C%20rue%20Colbert%20Crosne&#038;t=m&#038;z=15&#038;output=embed&#038;iwloc=near\"\n\t\t\t\t\ttitle=\"Salle arabesque 32, rue Colbert Crosne\"\n\t\t\t\t\taria-label=\"Salle arabesque 32, rue Colbert Crosne\"\n\t\t\t><\/iframe>\n\t\t<\/div>\n\t\t\t\t\t\t<\/div>\n\t\t\t\t<\/div>\n\t\t\t\t<div class=\"elementor-element elementor-element-b7f5750 elementor-widget elementor-widget-heading\" data-id=\"b7f5750\" data-element_type=\"widget\" data-widget_type=\"heading.default\">\n\t\t\t\t<div class=\"elementor-widget-container\">\n\t\t\t\t\t<h2 class=\"elementor-heading-title elementor-size-default\">Quand<\/h2>\t\t\t\t<\/div>\n\t\t\t\t<\/div>\n\t\t\t\t<div class=\"elementor-element elementor-element-bbd49d4 elementor-widget elementor-widget-text-editor\" data-id=\"bbd49d4\" data-element_type=\"widget\" data-widget_type=\"text-editor.default\">\n\t\t\t\t<div class=\"elementor-widget-container\">\n\t\t\t\t\t\t\t\t\t<p><span style=\"color: #ffffff;\"><strong>Pendant les vacance scolaires, selon les disponibilit\u00e9s de la salle<\/strong><\/span><\/p>\t\t\t\t\t\t\t\t<\/div>\n\t\t\t\t<\/div>\n\t\t\t\t<div class=\"elementor-element elementor-element-ef607b0 elementor-widget elementor-widget-text-editor\" data-id=\"ef607b0\" data-element_type=\"widget\" data-widget_type=\"text-editor.default\">\n\t\t\t\t<div class=\"elementor-widget-container\">\n\t\t\t\t\t\t\t\t\t<p><span style=\"color: #ffffff;\"><strong>PROCHAIN ATELIER :\u00a0<\/strong><\/span><\/p>\n<p><span style=\"color: #ffffff;\"><strong>Samedi 26 avril 2025 de 10h \u00e0 12h<\/strong><\/span><\/p>\n<p><span style=\"color: #ffffff;\"><strong>4 personnes minimum pour maintenir l&rsquo;atelier<\/strong><\/span><\/p>\t\t\t\t\t\t\t\t<\/div>\n\t\t\t\t<\/div>\n\t\t\t\t\t<\/div>\n\t\t<\/div>\n\t\t\t\t\t<\/div>\n\t\t<\/section>\n\t\t\t\t<section class=\"elementor-section elementor-top-section elementor-element elementor-element-87e2063 elementor-section-boxed elementor-section-height-default elementor-section-height-default\" data-id=\"87e2063\" data-element_type=\"section\">\n\t\t\t\t\t\t<div class=\"elementor-container elementor-column-gap-default\">\n\t\t\t\t\t<div class=\"elementor-column elementor-col-100 elementor-top-column elementor-element elementor-element-9c35749\" data-id=\"9c35749\" data-element_type=\"column\">\n\t\t\t<div class=\"elementor-widget-wrap elementor-element-populated\">\n\t\t\t\t\t\t<div class=\"elementor-element elementor-element-9542d85 elementor-widget elementor-widget-image\" data-id=\"9542d85\" data-element_type=\"widget\" data-widget_type=\"image.default\">\n\t\t\t\t<div class=\"elementor-widget-container\">\n\t\t\t\t\t\t\t\t\t\t\t\t\t\t\t<img fetchpriority=\"high\" decoding=\"async\" width=\"525\" height=\"394\" src=\"https:\/\/www.aimeetrode.fr\/wp-content\/uploads\/2023\/08\/P1010015-1024x768.jpg\" class=\"attachment-large size-large wp-image-500\" alt=\"\" srcset=\"https:\/\/www.aimeetrode.fr\/wp-content\/uploads\/2023\/08\/P1010015-1024x768.jpg 1024w, https:\/\/www.aimeetrode.fr\/wp-content\/uploads\/2023\/08\/P1010015-300x225.jpg 300w, https:\/\/www.aimeetrode.fr\/wp-content\/uploads\/2023\/08\/P1010015-768x576.jpg 768w, https:\/\/www.aimeetrode.fr\/wp-content\/uploads\/2023\/08\/P1010015-1536x1152.jpg 1536w, https:\/\/www.aimeetrode.fr\/wp-content\/uploads\/2023\/08\/P1010015-2048x1536.jpg 2048w\" sizes=\"100vw\" \/>\t\t\t\t\t\t\t\t\t\t\t\t\t\t\t<\/div>\n\t\t\t\t<\/div>\n\t\t\t\t\t<\/div>\n\t\t<\/div>\n\t\t\t\t\t<\/div>\n\t\t<\/section>\n\t\t\t\t<\/div>\n\t\t","protected":false},"excerpt":{"rendered":"<p>\u00a0 A partir de la rentr\u00e9e 2024, Aime et R\u00f4de Crosne propose des ateliers de danse pour adultes et enfants \u00e0 partir de 9 ans. Alternant exercices d&rsquo;\u00e9chauffement et apprentissage de chor\u00e9graphies, ces s\u00e9ances seront largement inspir\u00e9es de la danse contemporaine.Il ne sera pas demand\u00e9 aux participants une ex\u00e9cution rigoureuse d\u2019un geste, mais une certaine &hellip; <\/p>\n<p class=\"link-more\"><a href=\"https:\/\/www.aimeetrode.fr\/index.php\/2023\/08\/08\/ateliers-de-danse\/\" class=\"more-link\">Continuer la lecture<span class=\"screen-reader-text\"> de &laquo;&nbsp;Aime &#038; R\u00f4de Crosne &#8211; Ateliers de danse&nbsp;&raquo;<\/span><\/a><\/p>\n","protected":false},"author":2,"featured_media":0,"comment_status":"open","ping_status":"open","sticky":false,"template":"elementor_theme","format":"standard","meta":{"footnotes":""},"categories":[2,12,13,1],"tags":[],"class_list":["post-478","post","type-post","status-publish","format-standard","hentry","category-choregraphies","category-danse","category-moderne","category-non-classe"],"yoast_head":"<!-- This site is optimized with the Yoast SEO plugin v25.8 - https:\/\/yoast.com\/wordpress\/plugins\/seo\/ -->\n<title>Aime &amp; R\u00f4de Crosne - Ateliers de danse - Aime Et R\u00f4de<\/title>\n<meta name=\"robots\" content=\"index, follow, max-snippet:-1, max-image-preview:large, max-video-preview:-1\" \/>\n<link rel=\"canonical\" href=\"https:\/\/www.aimeetrode.fr\/index.php\/2023\/08\/08\/ateliers-de-danse\/\" \/>\n<meta property=\"og:locale\" content=\"fr_FR\" \/>\n<meta property=\"og:type\" content=\"article\" \/>\n<meta property=\"og:title\" content=\"Aime &amp; R\u00f4de Crosne - Ateliers de danse - Aime Et R\u00f4de\" \/>\n<meta property=\"og:description\" content=\"\u00a0 A partir de la rentr\u00e9e 2024, Aime et R\u00f4de Crosne propose des ateliers de danse pour adultes et enfants \u00e0 partir de 9 ans. Alternant exercices d&rsquo;\u00e9chauffement et apprentissage de chor\u00e9graphies, ces s\u00e9ances seront largement inspir\u00e9es de la danse contemporaine.Il ne sera pas demand\u00e9 aux participants une ex\u00e9cution rigoureuse d\u2019un geste, mais une certaine &hellip; Continuer la lecture de &laquo;&nbsp;Aime &#038; R\u00f4de Crosne &#8211; Ateliers de danse&nbsp;&raquo;\" \/>\n<meta property=\"og:url\" content=\"https:\/\/www.aimeetrode.fr\/index.php\/2023\/08\/08\/ateliers-de-danse\/\" \/>\n<meta property=\"og:site_name\" content=\"Aime Et R\u00f4de\" \/>\n<meta property=\"article:publisher\" content=\"https:\/\/www.facebook.com\/assohttps%3a\/\/www.facebook.com\/associationaimeetrode?hc_ref=ARSY8s6_UQcMhDxasdR08bxpuldoxpAcLTeHu6w3I75sxhMGqY3Gl_Yx5jTgxNHjpcoo&amp;amp%3bamp%3bpnref=story\" \/>\n<meta property=\"article:published_time\" content=\"2023-08-08T12:06:12+00:00\" \/>\n<meta property=\"article:modified_time\" content=\"2025-03-18T22:47:52+00:00\" \/>\n<meta property=\"og:image\" content=\"https:\/\/www.aimeetrode.fr\/wp-content\/uploads\/2023\/08\/P1010015-scaled.jpg\" \/>\n\t<meta property=\"og:image:width\" content=\"2560\" \/>\n\t<meta property=\"og:image:height\" content=\"1920\" \/>\n\t<meta property=\"og:image:type\" content=\"image\/jpeg\" \/>\n<meta name=\"author\" content=\"Laure\" \/>\n<meta name=\"twitter:card\" content=\"summary_large_image\" \/>\n<meta name=\"twitter:label1\" content=\"\u00c9crit par\" \/>\n\t<meta name=\"twitter:data1\" content=\"Laure\" \/>\n\t<meta name=\"twitter:label2\" content=\"Dur\u00e9e de lecture estim\u00e9e\" \/>\n\t<meta name=\"twitter:data2\" content=\"1 minute\" \/>\n<script type=\"application\/ld+json\" class=\"yoast-schema-graph\">{\"@context\":\"https:\/\/schema.org\",\"@graph\":[{\"@type\":\"Article\",\"@id\":\"https:\/\/www.aimeetrode.fr\/index.php\/2023\/08\/08\/ateliers-de-danse\/#article\",\"isPartOf\":{\"@id\":\"https:\/\/www.aimeetrode.fr\/index.php\/2023\/08\/08\/ateliers-de-danse\/\"},\"author\":{\"name\":\"Laure\",\"@id\":\"https:\/\/www.aimeetrode.fr\/#\/schema\/person\/97cb777c1d9b42c37cbd8b56f67dbcfd\"},\"headline\":\"Aime &#038; R\u00f4de Crosne &#8211; Ateliers de danse\",\"datePublished\":\"2023-08-08T12:06:12+00:00\",\"dateModified\":\"2025-03-18T22:47:52+00:00\",\"mainEntityOfPage\":{\"@id\":\"https:\/\/www.aimeetrode.fr\/index.php\/2023\/08\/08\/ateliers-de-danse\/\"},\"wordCount\":121,\"commentCount\":0,\"publisher\":{\"@id\":\"https:\/\/www.aimeetrode.fr\/#organization\"},\"image\":{\"@id\":\"https:\/\/www.aimeetrode.fr\/index.php\/2023\/08\/08\/ateliers-de-danse\/#primaryimage\"},\"thumbnailUrl\":\"https:\/\/www.aimeetrode.fr\/wp-content\/uploads\/2023\/08\/P1010015-1024x768.jpg\",\"articleSection\":[\"Choregraphies\",\"Danse\",\"Moderne\"],\"inLanguage\":\"fr-FR\",\"potentialAction\":[{\"@type\":\"CommentAction\",\"name\":\"Comment\",\"target\":[\"https:\/\/www.aimeetrode.fr\/index.php\/2023\/08\/08\/ateliers-de-danse\/#respond\"]}]},{\"@type\":\"WebPage\",\"@id\":\"https:\/\/www.aimeetrode.fr\/index.php\/2023\/08\/08\/ateliers-de-danse\/\",\"url\":\"https:\/\/www.aimeetrode.fr\/index.php\/2023\/08\/08\/ateliers-de-danse\/\",\"name\":\"Aime & R\u00f4de Crosne - Ateliers de danse - Aime Et R\u00f4de\",\"isPartOf\":{\"@id\":\"https:\/\/www.aimeetrode.fr\/#website\"},\"primaryImageOfPage\":{\"@id\":\"https:\/\/www.aimeetrode.fr\/index.php\/2023\/08\/08\/ateliers-de-danse\/#primaryimage\"},\"image\":{\"@id\":\"https:\/\/www.aimeetrode.fr\/index.php\/2023\/08\/08\/ateliers-de-danse\/#primaryimage\"},\"thumbnailUrl\":\"https:\/\/www.aimeetrode.fr\/wp-content\/uploads\/2023\/08\/P1010015-1024x768.jpg\",\"datePublished\":\"2023-08-08T12:06:12+00:00\",\"dateModified\":\"2025-03-18T22:47:52+00:00\",\"breadcrumb\":{\"@id\":\"https:\/\/www.aimeetrode.fr\/index.php\/2023\/08\/08\/ateliers-de-danse\/#breadcrumb\"},\"inLanguage\":\"fr-FR\",\"potentialAction\":[{\"@type\":\"ReadAction\",\"target\":[\"https:\/\/www.aimeetrode.fr\/index.php\/2023\/08\/08\/ateliers-de-danse\/\"]}]},{\"@type\":\"ImageObject\",\"inLanguage\":\"fr-FR\",\"@id\":\"https:\/\/www.aimeetrode.fr\/index.php\/2023\/08\/08\/ateliers-de-danse\/#primaryimage\",\"url\":\"https:\/\/www.aimeetrode.fr\/wp-content\/uploads\/2023\/08\/P1010015-scaled.jpg\",\"contentUrl\":\"https:\/\/www.aimeetrode.fr\/wp-content\/uploads\/2023\/08\/P1010015-scaled.jpg\",\"width\":2560,\"height\":1920,\"caption\":\"OLYMPUS DIGITAL CAMERA\"},{\"@type\":\"BreadcrumbList\",\"@id\":\"https:\/\/www.aimeetrode.fr\/index.php\/2023\/08\/08\/ateliers-de-danse\/#breadcrumb\",\"itemListElement\":[{\"@type\":\"ListItem\",\"position\":1,\"name\":\"Accueil\",\"item\":\"https:\/\/www.aimeetrode.fr\/\"},{\"@type\":\"ListItem\",\"position\":2,\"name\":\"Aime &#038; R\u00f4de Crosne &#8211; Ateliers de danse\"}]},{\"@type\":\"WebSite\",\"@id\":\"https:\/\/www.aimeetrode.fr\/#website\",\"url\":\"https:\/\/www.aimeetrode.fr\/\",\"name\":\"Aime Et R\u00f4de\",\"description\":\"Le corps en mouvement\",\"publisher\":{\"@id\":\"https:\/\/www.aimeetrode.fr\/#organization\"},\"potentialAction\":[{\"@type\":\"SearchAction\",\"target\":{\"@type\":\"EntryPoint\",\"urlTemplate\":\"https:\/\/www.aimeetrode.fr\/?s={search_term_string}\"},\"query-input\":{\"@type\":\"PropertyValueSpecification\",\"valueRequired\":true,\"valueName\":\"search_term_string\"}}],\"inLanguage\":\"fr-FR\"},{\"@type\":\"Organization\",\"@id\":\"https:\/\/www.aimeetrode.fr\/#organization\",\"name\":\"Aime et rode\",\"url\":\"https:\/\/www.aimeetrode.fr\/\",\"logo\":{\"@type\":\"ImageObject\",\"inLanguage\":\"fr-FR\",\"@id\":\"https:\/\/www.aimeetrode.fr\/#\/schema\/logo\/image\/\",\"url\":\"https:\/\/www.aimeetrode.fr\/wp-content\/uploads\/2018\/03\/logo_aime_et_rode_transparent_rapide.png\",\"contentUrl\":\"https:\/\/www.aimeetrode.fr\/wp-content\/uploads\/2018\/03\/logo_aime_et_rode_transparent_rapide.png\",\"width\":1152,\"height\":648,\"caption\":\"Aime et rode\"},\"image\":{\"@id\":\"https:\/\/www.aimeetrode.fr\/#\/schema\/logo\/image\/\"},\"sameAs\":[\"https:\/\/www.facebook.com\/assohttps:\/\/www.facebook.com\/associationaimeetrode?hc_ref=ARSY8s6_UQcMhDxasdR08bxpuldoxpAcLTeHu6w3I75sxhMGqY3Gl_Yx5jTgxNHjpcoo&amp;amp;pnref=story\",\"https:\/\/www.youtube.com\/channel\/UCg5isYs2CxHAVPp3XjmOIdw\"]},{\"@type\":\"Person\",\"@id\":\"https:\/\/www.aimeetrode.fr\/#\/schema\/person\/97cb777c1d9b42c37cbd8b56f67dbcfd\",\"name\":\"Laure\",\"image\":{\"@type\":\"ImageObject\",\"inLanguage\":\"fr-FR\",\"@id\":\"https:\/\/www.aimeetrode.fr\/#\/schema\/person\/image\/\",\"url\":\"https:\/\/secure.gravatar.com\/avatar\/cb672877ac01da435749de9d0d553dcb?s=96&d=mm&r=g\",\"contentUrl\":\"https:\/\/secure.gravatar.com\/avatar\/cb672877ac01da435749de9d0d553dcb?s=96&d=mm&r=g\",\"caption\":\"Laure\"},\"description\":\"Danseuse confirm\u00e9e et directrice artistique de la troupe. Elle est \u00e9galement professeur de danse contemporaine, jazz et classique.\",\"url\":\"https:\/\/www.aimeetrode.fr\/index.php\/author\/laurefauser\/\"}]}<\/script>\n<!-- \/ Yoast SEO plugin. -->","yoast_head_json":{"title":"Aime & R\u00f4de Crosne - Ateliers de danse - Aime Et R\u00f4de","robots":{"index":"index","follow":"follow","max-snippet":"max-snippet:-1","max-image-preview":"max-image-preview:large","max-video-preview":"max-video-preview:-1"},"canonical":"https:\/\/www.aimeetrode.fr\/index.php\/2023\/08\/08\/ateliers-de-danse\/","og_locale":"fr_FR","og_type":"article","og_title":"Aime & R\u00f4de Crosne - Ateliers de danse - Aime Et R\u00f4de","og_description":"\u00a0 A partir de la rentr\u00e9e 2024, Aime et R\u00f4de Crosne propose des ateliers de danse pour adultes et enfants \u00e0 partir de 9 ans. Alternant exercices d&rsquo;\u00e9chauffement et apprentissage de chor\u00e9graphies, ces s\u00e9ances seront largement inspir\u00e9es de la danse contemporaine.Il ne sera pas demand\u00e9 aux participants une ex\u00e9cution rigoureuse d\u2019un geste, mais une certaine &hellip; Continuer la lecture de &laquo;&nbsp;Aime &#038; R\u00f4de Crosne &#8211; Ateliers de danse&nbsp;&raquo;","og_url":"https:\/\/www.aimeetrode.fr\/index.php\/2023\/08\/08\/ateliers-de-danse\/","og_site_name":"Aime Et R\u00f4de","article_publisher":"https:\/\/www.facebook.com\/assohttps%3a\/\/www.facebook.com\/associationaimeetrode?hc_ref=ARSY8s6_UQcMhDxasdR08bxpuldoxpAcLTeHu6w3I75sxhMGqY3Gl_Yx5jTgxNHjpcoo&amp%3bamp%3bpnref=story","article_published_time":"2023-08-08T12:06:12+00:00","article_modified_time":"2025-03-18T22:47:52+00:00","og_image":[{"width":2560,"height":1920,"url":"https:\/\/www.aimeetrode.fr\/wp-content\/uploads\/2023\/08\/P1010015-scaled.jpg","type":"image\/jpeg"}],"author":"Laure","twitter_card":"summary_large_image","twitter_misc":{"\u00c9crit par":"Laure","Dur\u00e9e de lecture estim\u00e9e":"1 minute"},"schema":{"@context":"https:\/\/schema.org","@graph":[{"@type":"Article","@id":"https:\/\/www.aimeetrode.fr\/index.php\/2023\/08\/08\/ateliers-de-danse\/#article","isPartOf":{"@id":"https:\/\/www.aimeetrode.fr\/index.php\/2023\/08\/08\/ateliers-de-danse\/"},"author":{"name":"Laure","@id":"https:\/\/www.aimeetrode.fr\/#\/schema\/person\/97cb777c1d9b42c37cbd8b56f67dbcfd"},"headline":"Aime &#038; R\u00f4de Crosne &#8211; Ateliers de danse","datePublished":"2023-08-08T12:06:12+00:00","dateModified":"2025-03-18T22:47:52+00:00","mainEntityOfPage":{"@id":"https:\/\/www.aimeetrode.fr\/index.php\/2023\/08\/08\/ateliers-de-danse\/"},"wordCount":121,"commentCount":0,"publisher":{"@id":"https:\/\/www.aimeetrode.fr\/#organization"},"image":{"@id":"https:\/\/www.aimeetrode.fr\/index.php\/2023\/08\/08\/ateliers-de-danse\/#primaryimage"},"thumbnailUrl":"https:\/\/www.aimeetrode.fr\/wp-content\/uploads\/2023\/08\/P1010015-1024x768.jpg","articleSection":["Choregraphies","Danse","Moderne"],"inLanguage":"fr-FR","potentialAction":[{"@type":"CommentAction","name":"Comment","target":["https:\/\/www.aimeetrode.fr\/index.php\/2023\/08\/08\/ateliers-de-danse\/#respond"]}]},{"@type":"WebPage","@id":"https:\/\/www.aimeetrode.fr\/index.php\/2023\/08\/08\/ateliers-de-danse\/","url":"https:\/\/www.aimeetrode.fr\/index.php\/2023\/08\/08\/ateliers-de-danse\/","name":"Aime & R\u00f4de Crosne - Ateliers de danse - Aime Et R\u00f4de","isPartOf":{"@id":"https:\/\/www.aimeetrode.fr\/#website"},"primaryImageOfPage":{"@id":"https:\/\/www.aimeetrode.fr\/index.php\/2023\/08\/08\/ateliers-de-danse\/#primaryimage"},"image":{"@id":"https:\/\/www.aimeetrode.fr\/index.php\/2023\/08\/08\/ateliers-de-danse\/#primaryimage"},"thumbnailUrl":"https:\/\/www.aimeetrode.fr\/wp-content\/uploads\/2023\/08\/P1010015-1024x768.jpg","datePublished":"2023-08-08T12:06:12+00:00","dateModified":"2025-03-18T22:47:52+00:00","breadcrumb":{"@id":"https:\/\/www.aimeetrode.fr\/index.php\/2023\/08\/08\/ateliers-de-danse\/#breadcrumb"},"inLanguage":"fr-FR","potentialAction":[{"@type":"ReadAction","target":["https:\/\/www.aimeetrode.fr\/index.php\/2023\/08\/08\/ateliers-de-danse\/"]}]},{"@type":"ImageObject","inLanguage":"fr-FR","@id":"https:\/\/www.aimeetrode.fr\/index.php\/2023\/08\/08\/ateliers-de-danse\/#primaryimage","url":"https:\/\/www.aimeetrode.fr\/wp-content\/uploads\/2023\/08\/P1010015-scaled.jpg","contentUrl":"https:\/\/www.aimeetrode.fr\/wp-content\/uploads\/2023\/08\/P1010015-scaled.jpg","width":2560,"height":1920,"caption":"OLYMPUS DIGITAL CAMERA"},{"@type":"BreadcrumbList","@id":"https:\/\/www.aimeetrode.fr\/index.php\/2023\/08\/08\/ateliers-de-danse\/#breadcrumb","itemListElement":[{"@type":"ListItem","position":1,"name":"Accueil","item":"https:\/\/www.aimeetrode.fr\/"},{"@type":"ListItem","position":2,"name":"Aime &#038; R\u00f4de Crosne &#8211; Ateliers de danse"}]},{"@type":"WebSite","@id":"https:\/\/www.aimeetrode.fr\/#website","url":"https:\/\/www.aimeetrode.fr\/","name":"Aime Et R\u00f4de","description":"Le corps en mouvement","publisher":{"@id":"https:\/\/www.aimeetrode.fr\/#organization"},"potentialAction":[{"@type":"SearchAction","target":{"@type":"EntryPoint","urlTemplate":"https:\/\/www.aimeetrode.fr\/?s={search_term_string}"},"query-input":{"@type":"PropertyValueSpecification","valueRequired":true,"valueName":"search_term_string"}}],"inLanguage":"fr-FR"},{"@type":"Organization","@id":"https:\/\/www.aimeetrode.fr\/#organization","name":"Aime et rode","url":"https:\/\/www.aimeetrode.fr\/","logo":{"@type":"ImageObject","inLanguage":"fr-FR","@id":"https:\/\/www.aimeetrode.fr\/#\/schema\/logo\/image\/","url":"https:\/\/www.aimeetrode.fr\/wp-content\/uploads\/2018\/03\/logo_aime_et_rode_transparent_rapide.png","contentUrl":"https:\/\/www.aimeetrode.fr\/wp-content\/uploads\/2018\/03\/logo_aime_et_rode_transparent_rapide.png","width":1152,"height":648,"caption":"Aime et rode"},"image":{"@id":"https:\/\/www.aimeetrode.fr\/#\/schema\/logo\/image\/"},"sameAs":["https:\/\/www.facebook.com\/assohttps:\/\/www.facebook.com\/associationaimeetrode?hc_ref=ARSY8s6_UQcMhDxasdR08bxpuldoxpAcLTeHu6w3I75sxhMGqY3Gl_Yx5jTgxNHjpcoo&amp;amp;pnref=story","https:\/\/www.youtube.com\/channel\/UCg5isYs2CxHAVPp3XjmOIdw"]},{"@type":"Person","@id":"https:\/\/www.aimeetrode.fr\/#\/schema\/person\/97cb777c1d9b42c37cbd8b56f67dbcfd","name":"Laure","image":{"@type":"ImageObject","inLanguage":"fr-FR","@id":"https:\/\/www.aimeetrode.fr\/#\/schema\/person\/image\/","url":"https:\/\/secure.gravatar.com\/avatar\/cb672877ac01da435749de9d0d553dcb?s=96&d=mm&r=g","contentUrl":"https:\/\/secure.gravatar.com\/avatar\/cb672877ac01da435749de9d0d553dcb?s=96&d=mm&r=g","caption":"Laure"},"description":"Danseuse confirm\u00e9e et directrice artistique de la troupe. Elle est \u00e9galement professeur de danse contemporaine, jazz et classique.","url":"https:\/\/www.aimeetrode.fr\/index.php\/author\/laurefauser\/"}]}},"_links":{"self":[{"href":"https:\/\/www.aimeetrode.fr\/index.php\/wp-json\/wp\/v2\/posts\/478","targetHints":{"allow":["GET"]}}],"collection":[{"href":"https:\/\/www.aimeetrode.fr\/index.php\/wp-json\/wp\/v2\/posts"}],"about":[{"href":"https:\/\/www.aimeetrode.fr\/index.php\/wp-json\/wp\/v2\/types\/post"}],"author":[{"embeddable":true,"href":"https:\/\/www.aimeetrode.fr\/index.php\/wp-json\/wp\/v2\/users\/2"}],"replies":[{"embeddable":true,"href":"https:\/\/www.aimeetrode.fr\/index.php\/wp-json\/wp\/v2\/comments?post=478"}],"version-history":[{"count":18,"href":"https:\/\/www.aimeetrode.fr\/index.php\/wp-json\/wp\/v2\/posts\/478\/revisions"}],"predecessor-version":[{"id":653,"href":"https:\/\/www.aimeetrode.fr\/index.php\/wp-json\/wp\/v2\/posts\/478\/revisions\/653"}],"wp:attachment":[{"href":"https:\/\/www.aimeetrode.fr\/index.php\/wp-json\/wp\/v2\/media?parent=478"}],"wp:term":[{"taxonomy":"category","embeddable":true,"href":"https:\/\/www.aimeetrode.fr\/index.php\/wp-json\/wp\/v2\/categories?post=478"},{"taxonomy":"post_tag","embeddable":true,"href":"https:\/\/www.aimeetrode.fr\/index.php\/wp-json\/wp\/v2\/tags?post=478"}],"curies":[{"name":"wp","href":"https:\/\/api.w.org\/{rel}","templated":true}]}}